{"id":14899,"date":"2023-09-04T10:30:06","date_gmt":"2023-09-04T08:30:06","guid":{"rendered":"https:\/\/imif.lukasiewicz.gov.pl\/?p=14899"},"modified":"2023-09-04T11:07:27","modified_gmt":"2023-09-04T09:07:27","slug":"september-events","status":"publish","type":"post","link":"https:\/\/imif.lukasiewicz.gov.pl\/en\/september-events\/","title":{"rendered":"What Have We Scheduled for September?"},"content":{"rendered":"<div class=\"fusion-fullwidth fullwidth-box fusion-builder-row-1 fusion-flex-container nonhundred-percent-fullwidth non-hundred-percent-height-scrolling\" style=\"--awb-border-radius-top-left:0px;--awb-border-radius-top-right:0px;--awb-border-radius-bottom-right:0px;--awb-border-radius-bottom-left:0px;\" ><div class=\"fusion-builder-row fusion-row fusion-flex-align-items-flex-start\" style=\"max-width:104%;margin-left: calc(-4% \/ 2 );margin-right: calc(-4% \/ 2 );\"><div class=\"fusion-layout-column fusion_builder_column fusion-builder-column-0 fusion_builder_column_1_1 1_1 fusion-flex-column\" style=\"--awb-bg-size:cover;--awb-width-large:100%;--awb-margin-top-large:0px;--awb-spacing-right-large:1.92%;--awb-margin-bottom-large:0px;--awb-spacing-left-large:1.92%;--awb-width-medium:100%;--awb-spacing-right-medium:1.92%;--awb-spacing-left-medium:1.92%;--awb-width-small:100%;--awb-spacing-right-small:1.92%;--awb-spacing-left-small:1.92%;\"><div class=\"fusion-column-wrapper fusion-flex-justify-content-flex-start fusion-content-layout-column\"><div class=\"fusion-text fusion-text-1\"><p><span class=\"break-words \"><span dir=\"ltr\">Does anyone here have plans for September? Let us highlight the 3 upcoming events, in which we\u2019re going to take part very soon: Graphene Week, MSPO, and SEMICON Taiwan.<\/span><\/span><\/p>\n<p>\u2139 Graphene Week takes place between 4th and 8th September. This event brings together European researchers, industry leaders, and policymakers to transfer knowledge towards bringing up novel ideas to create innovative graphene products for the worldwide market. Tymoteusz Ciuk, PhD will give a presentation highlighting his recent research and Jakub Jagie\u0142\u0142o and Artur Dobrowolski will take part in a poster session.<\/p>\n<p>\u2139 Next up, between 5th and 8th, there is the 31st International Defence Industry Exhibition (MSPO), where military equipment will be showcased as well as business meetings and contracts can be concluded between defense sector manufacturers from various parts of the world. Our researcher \u2013 Grzegorz Sobczak, PhD, will present our technologies there alongside the Commercialization and Marketing Departments.<\/p>\n<p>\u2139 Finally, held between September 6th and 8th, Piotr J. Cywi\u0144ski i Marek Ekielski will participate in SEMICON TAIWAN 2023. The trade fair will focus on advanced manufacturing, heterogeneous integration, compound semiconductors, automotive chips, smart manufacturing, sustainable manufacturing, and semiconductor cybersecurity. At SEMICON, we will be showcasing our range of products, including (QCL) quantum cascade lasers, GaN transistors, smart lighting systems, hall sensors, and photodiodes. Through our presence, we aim to highlight that \u0141ukasiewicz &#8211; Institute of Microelectronics and Photonics is not only about semiconductors but also about photonics!\u00a0Sie\u0107 Badawcza \u0141ukasiewicz delegation led by Minister Wojciech Murdzek\u00a0accompanied by \u0141ukasiewicz Vice-president Marcin Kraska will open, first in our history, Polish Pavilion at SEMICON.<\/p>\n<p>The Polish stand was organized by the Polish Investment and Trade Agency (PAIH) together with partners:\u00a0Klaster Mikroelektroniki, Elektroniki i Fotoniki, Agencja Rozwoju Przemys\u0142u S.A., Polski Fundusz Rozwoju S.A. (PFR), Sie\u0107 Badawcza \u0141ukasiewicz.<\/p>\n<p>We are thrilled about these events and the opportunities they present to showcase our innovations and collaborate with professionals from diverse fields.<\/p>\n<\/div><\/div><\/div><\/div><\/div>\n","protected":false},"excerpt":{"rendered":"","protected":false},"author":4,"featured_media":14902,"comment_status":"closed","ping_status":"open","sticky":false,"template":"","format":"standard","meta":{"_seopress_robots_primary_cat":"none","_seopress_titles_title":"","_seopress_titles_desc":"","_seopress_robots_index":"","_lmt_disableupdate":"no","_lmt_disable":""},"categories":[86],"tags":[724,433,888],"yoast_head":"<!-- This site is optimized with the Yoast SEO plugin v19.13 - https:\/\/yoast.com\/wordpress\/plugins\/seo\/ -->\n<title>What Have We Scheduled for September? - \u0141ukasiewicz \u2013 IMiF<\/title>\n<meta name=\"description\" content=\"Does anyone here have plans for September? Let us highlight the 3 upcoming events, in which we\u2019re going to take part very soon.\" \/>\n<meta name=\"robots\" content=\"index, follow, max-snippet:-1, max-image-preview:large, max-video-preview:-1\" \/>\n<link rel=\"canonical\" href=\"https:\/\/imif.lukasiewicz.gov.pl\/en\/september-events\/\" \/>\n<meta property=\"og:locale\" content=\"en_US\" \/>\n<meta property=\"og:type\" content=\"article\" \/>\n<meta property=\"og:title\" content=\"What Have We Scheduled for September? - \u0141ukasiewicz \u2013 IMiF\" \/>\n<meta property=\"og:description\" content=\"Does anyone here have plans for September? Let us highlight the 3 upcoming events, in which we\u2019re going to take part very soon.\" \/>\n<meta property=\"og:url\" content=\"https:\/\/imif.lukasiewicz.gov.pl\/en\/september-events\/\" \/>\n<meta property=\"og:site_name\" content=\"\u0141ukasiewicz \u2013 IMiF\" \/>\n<meta property=\"article:published_time\" content=\"2023-09-04T08:30:06+00:00\" \/>\n<meta property=\"article:modified_time\" content=\"2023-09-04T09:07:27+00:00\" \/>\n<meta property=\"og:image\" content=\"https:\/\/imif.lukasiewicz.gov.pl\/wp-content\/uploads\/2023\/09\/trip-day1.png\" \/>\n\t<meta property=\"og:image:width\" content=\"1200\" \/>\n\t<meta property=\"og:image:height\" content=\"627\" \/>\n\t<meta property=\"og:image:type\" content=\"image\/png\" \/>\n<meta name=\"author\" content=\"Angelina Sielewicz\" \/>\n<meta name=\"twitter:card\" content=\"summary_large_image\" \/>\n<meta name=\"twitter:label1\" content=\"Written by\" \/>\n\t<meta name=\"twitter:data1\" content=\"Angelina Sielewicz\" \/>\n\t<meta name=\"twitter:label2\" content=\"Est. reading time\" \/>\n\t<meta name=\"twitter:data2\" content=\"3 minutes\" \/>\n<script type=\"application\/ld+json\" class=\"yoast-schema-graph\">{\"@context\":\"https:\/\/schema.org\",\"@graph\":[{\"@type\":\"WebPage\",\"@id\":\"https:\/\/imif.lukasiewicz.gov.pl\/en\/september-events\/\",\"url\":\"https:\/\/imif.lukasiewicz.gov.pl\/en\/september-events\/\",\"name\":\"What Have We Scheduled for September? - \u0141ukasiewicz \u2013 IMiF\",\"isPartOf\":{\"@id\":\"https:\/\/imif.lukasiewicz.gov.pl\/#website\"},\"datePublished\":\"2023-09-04T08:30:06+00:00\",\"dateModified\":\"2023-09-04T09:07:27+00:00\",\"author\":{\"@id\":\"https:\/\/imif.lukasiewicz.gov.pl\/#\/schema\/person\/cb141956ec850680095aad56507beff3\"},\"description\":\"Does anyone here have plans for September? Let us highlight the 3 upcoming events, in which we\u2019re going to take part very soon.\",\"breadcrumb\":{\"@id\":\"https:\/\/imif.lukasiewicz.gov.pl\/en\/september-events\/#breadcrumb\"},\"inLanguage\":\"en-US\",\"potentialAction\":[{\"@type\":\"ReadAction\",\"target\":[\"https:\/\/imif.lukasiewicz.gov.pl\/en\/september-events\/\"]}]},{\"@type\":\"BreadcrumbList\",\"@id\":\"https:\/\/imif.lukasiewicz.gov.pl\/en\/september-events\/#breadcrumb\",\"itemListElement\":[{\"@type\":\"ListItem\",\"position\":1,\"name\":\"Strona g\u0142\u00f3wna\",\"item\":\"https:\/\/imif.lukasiewicz.gov.pl\/en\/\"},{\"@type\":\"ListItem\",\"position\":2,\"name\":\"What Have We Scheduled for September?\"}]},{\"@type\":\"WebSite\",\"@id\":\"https:\/\/imif.lukasiewicz.gov.pl\/#website\",\"url\":\"https:\/\/imif.lukasiewicz.gov.pl\/\",\"name\":\"\u0141ukasiewicz \u2013 IMiF\",\"description\":\"Instytut Mikroelektroniki i Fotoniki\",\"potentialAction\":[{\"@type\":\"SearchAction\",\"target\":{\"@type\":\"EntryPoint\",\"urlTemplate\":\"https:\/\/imif.lukasiewicz.gov.pl\/?s={search_term_string}\"},\"query-input\":\"required name=search_term_string\"}],\"inLanguage\":\"en-US\"},{\"@type\":\"Person\",\"@id\":\"https:\/\/imif.lukasiewicz.gov.pl\/#\/schema\/person\/cb141956ec850680095aad56507beff3\",\"name\":\"Angelina Sielewicz\",\"url\":\"https:\/\/imif.lukasiewicz.gov.pl\/en\/author\/angelina-sielewicz\/\"}]}<\/script>\n<!-- \/ Yoast SEO plugin. -->","yoast_head_json":{"title":"What Have We Scheduled for September? - \u0141ukasiewicz \u2013 IMiF","description":"Does anyone here have plans for September? Let us highlight the 3 upcoming events, in which we\u2019re going to take part very soon.","robots":{"index":"index","follow":"follow","max-snippet":"max-snippet:-1","max-image-preview":"max-image-preview:large","max-video-preview":"max-video-preview:-1"},"canonical":"https:\/\/imif.lukasiewicz.gov.pl\/en\/september-events\/","og_locale":"en_US","og_type":"article","og_title":"What Have We Scheduled for September? - \u0141ukasiewicz \u2013 IMiF","og_description":"Does anyone here have plans for September? Let us highlight the 3 upcoming events, in which we\u2019re going to take part very soon.","og_url":"https:\/\/imif.lukasiewicz.gov.pl\/en\/september-events\/","og_site_name":"\u0141ukasiewicz \u2013 IMiF","article_published_time":"2023-09-04T08:30:06+00:00","article_modified_time":"2023-09-04T09:07:27+00:00","og_image":[{"width":1200,"height":627,"url":"https:\/\/imif.lukasiewicz.gov.pl\/wp-content\/uploads\/2023\/09\/trip-day1.png","type":"image\/png"}],"author":"Angelina Sielewicz","twitter_card":"summary_large_image","twitter_misc":{"Written by":"Angelina Sielewicz","Est. reading time":"3 minutes"},"schema":{"@context":"https:\/\/schema.org","@graph":[{"@type":"WebPage","@id":"https:\/\/imif.lukasiewicz.gov.pl\/en\/september-events\/","url":"https:\/\/imif.lukasiewicz.gov.pl\/en\/september-events\/","name":"What Have We Scheduled for September? - \u0141ukasiewicz \u2013 IMiF","isPartOf":{"@id":"https:\/\/imif.lukasiewicz.gov.pl\/#website"},"datePublished":"2023-09-04T08:30:06+00:00","dateModified":"2023-09-04T09:07:27+00:00","author":{"@id":"https:\/\/imif.lukasiewicz.gov.pl\/#\/schema\/person\/cb141956ec850680095aad56507beff3"},"description":"Does anyone here have plans for September? Let us highlight the 3 upcoming events, in which we\u2019re going to take part very soon.","breadcrumb":{"@id":"https:\/\/imif.lukasiewicz.gov.pl\/en\/september-events\/#breadcrumb"},"inLanguage":"en-US","potentialAction":[{"@type":"ReadAction","target":["https:\/\/imif.lukasiewicz.gov.pl\/en\/september-events\/"]}]},{"@type":"BreadcrumbList","@id":"https:\/\/imif.lukasiewicz.gov.pl\/en\/september-events\/#breadcrumb","itemListElement":[{"@type":"ListItem","position":1,"name":"Strona g\u0142\u00f3wna","item":"https:\/\/imif.lukasiewicz.gov.pl\/en\/"},{"@type":"ListItem","position":2,"name":"What Have We Scheduled for September?"}]},{"@type":"WebSite","@id":"https:\/\/imif.lukasiewicz.gov.pl\/#website","url":"https:\/\/imif.lukasiewicz.gov.pl\/","name":"\u0141ukasiewicz \u2013 IMiF","description":"Instytut Mikroelektroniki i Fotoniki","potentialAction":[{"@type":"SearchAction","target":{"@type":"EntryPoint","urlTemplate":"https:\/\/imif.lukasiewicz.gov.pl\/?s={search_term_string}"},"query-input":"required name=search_term_string"}],"inLanguage":"en-US"},{"@type":"Person","@id":"https:\/\/imif.lukasiewicz.gov.pl\/#\/schema\/person\/cb141956ec850680095aad56507beff3","name":"Angelina Sielewicz","url":"https:\/\/imif.lukasiewicz.gov.pl\/en\/author\/angelina-sielewicz\/"}]}},"modified_by":"Angelina Sielewicz","_links":{"self":[{"href":"https:\/\/imif.lukasiewicz.gov.pl\/en\/wp-json\/wp\/v2\/posts\/14899"}],"collection":[{"href":"https:\/\/imif.lukasiewicz.gov.pl\/en\/wp-json\/wp\/v2\/posts"}],"about":[{"href":"https:\/\/imif.lukasiewicz.gov.pl\/en\/wp-json\/wp\/v2\/types\/post"}],"author":[{"embeddable":true,"href":"https:\/\/imif.lukasiewicz.gov.pl\/en\/wp-json\/wp\/v2\/users\/4"}],"replies":[{"embeddable":true,"href":"https:\/\/imif.lukasiewicz.gov.pl\/en\/wp-json\/wp\/v2\/comments?post=14899"}],"version-history":[{"count":1,"href":"https:\/\/imif.lukasiewicz.gov.pl\/en\/wp-json\/wp\/v2\/posts\/14899\/revisions"}],"predecessor-version":[{"id":14905,"href":"https:\/\/imif.lukasiewicz.gov.pl\/en\/wp-json\/wp\/v2\/posts\/14899\/revisions\/14905"}],"wp:featuredmedia":[{"embeddable":true,"href":"https:\/\/imif.lukasiewicz.gov.pl\/en\/wp-json\/wp\/v2\/media\/14902"}],"wp:attachment":[{"href":"https:\/\/imif.lukasiewicz.gov.pl\/en\/wp-json\/wp\/v2\/media?parent=14899"}],"wp:term":[{"taxonomy":"category","embeddable":true,"href":"https:\/\/imif.lukasiewicz.gov.pl\/en\/wp-json\/wp\/v2\/categories?post=14899"},{"taxonomy":"post_tag","embeddable":true,"href":"https:\/\/imif.lukasiewicz.gov.pl\/en\/wp-json\/wp\/v2\/tags?post=14899"}],"curies":[{"name":"wp","href":"https:\/\/api.w.org\/{rel}","templated":true}]}}